{"id":6062,"date":"2023-11-03T22:05:31","date_gmt":"2023-11-03T22:05:31","guid":{"rendered":"https:\/\/chavon.edu.do\/?p=6062"},"modified":"2023-11-03T22:09:04","modified_gmt":"2023-11-03T22:09:04","slug":"chavon-recibe-a-la-empresaria-y-filantropa-venezolana-carmen-busquets","status":"publish","type":"post","link":"https:\/\/chavon.edu.do\/es\/chavon-recibe-a-la-empresaria-y-filantropa-venezolana-carmen-busquets\/","title":{"rendered":"CHAV\u00d3N recibe a la empresaria y fil\u00e1ntropa venezolana Carmen Busquets."},"content":{"rendered":"<p class=\"has-cyan-bluish-gray-color has-text-color\"><em>Fotograf\u00eda al dorso y portada: Oleg Covian.<\/em><\/p>\n\n\n\n<p><em>Santo Domingo, 03 de noviembre de 2023.<\/em> &#8211;<a href=\"https:\/\/www.carmenbusquets.com\/about\"> <strong>Carmen Busquets<\/strong><\/a><strong>, empresaria venezolana, visit\u00f3 CHAV\u00d3N La Escuela De Dise\u00f1o en Santo Domingo,<\/strong> durante su paso por la Rep\u00fablica Dominicana y en v\u00edsperas de los <strong>Latin American Fashion Awards.<\/strong> La visita tuvo lugar en el marco de su continuo compromiso con el fomento de la industria de la moda y educaci\u00f3n como motor de transformaci\u00f3n.&nbsp;&nbsp;<\/p>\n\n\n\n<p>Durante su recorrido por el campus de CHAV\u00d3N, Busquets fue acompa\u00f1ada por el <strong>Vicerrector, Adolfo Lucero, y la Directora Ejecutiva, Maria Elena Mor\u00e9.<\/strong> Ambos compartieron con entusiasmo la historia de la instituci\u00f3n y la dedicaci\u00f3n de su presidenta, <strong>Dominique Bluhdorn, quien ha liderado este proyecto por m\u00e1s de cuatro d\u00e9cadas.&nbsp;<\/strong><\/p>\n\n\n\n<p>Busquets <strong>tuvo la oportunidad de conocer a los Coordinadores de las Carreras T\u00e9cnicas de La Escuela: Raquel Paiewonsky (<\/strong><a href=\"https:\/\/chavon.edu.do\/es\/esp\/program\/fine-arts-program\/\"><strong>Bellas Artes<\/strong><\/a><strong>), Tanya Valete (<\/strong><a href=\"https:\/\/chavon.edu.do\/es\/esp\/program\/film-program\/\"><strong>Cine<\/strong><\/a><strong>), Julia Scrive Loyer (<\/strong><a href=\"https:\/\/chavon.edu.do\/es\/esp\/program\/film-program\/\"><strong>Cine<\/strong><\/a><strong>), Xavier Rosello (<\/strong><a href=\"https:\/\/chavon.edu.do\/es\/esp\/program\/interior-design\/\"><strong>Dise\u00f1o de Interiores Y Productos<\/strong><\/a><strong>), Katia Rios (Proyectos Especiales), Elias Roedan (<\/strong><a href=\"https:\/\/chavon.edu.do\/es\/esp\/program\/communications-design\/\"><strong>Dise\u00f1o de Comunicaciones<\/strong><\/a><strong>), y Mavel Tejeda (<\/strong><a href=\"https:\/\/chavon.edu.do\/es\/esp\/program\/fashion-marketing-and-communications\/\"><strong>Mercadeo Y Comunicaci\u00f3n De Modas<\/strong><\/a><strong>).<\/strong> La tambi\u00e9n <strong>miembro de la junta directiva de la Escuela De Dise\u00f1o Parsons,<\/strong> conoci\u00f3 las innovadoras propuestas acad\u00e9micas de CHAV\u00d3N, adem\u00e1s de conversar m\u00e1s a fondo sobre su metodolog\u00eda de ense\u00f1anza y los proyectos en preparaci\u00f3n para la comunidad chavonera.<\/p>\n\n\n\n<figure class=\"wp-block-image size-large\"><img loading=\"lazy\" decoding=\"async\" width=\"1024\" height=\"768\" src=\"https:\/\/chavon.edu.do\/wp-content\/uploads\/2023\/11\/4_Carmen-Busquets_CHAVON_Photo-credit-Oleg-Covian-1-1024x768.jpg\" alt=\"\" class=\"wp-image-6065\" srcset=\"https:\/\/chavon.edu.do\/wp-content\/uploads\/2023\/11\/4_Carmen-Busquets_CHAVON_Photo-credit-Oleg-Covian-1-1024x768.jpg 1024w, https:\/\/chavon.edu.do\/wp-content\/uploads\/2023\/11\/4_Carmen-Busquets_CHAVON_Photo-credit-Oleg-Covian-1-300x225.jpg 300w, https:\/\/chavon.edu.do\/wp-content\/uploads\/2023\/11\/4_Carmen-Busquets_CHAVON_Photo-credit-Oleg-Covian-1-768x576.jpg 768w, https:\/\/chavon.edu.do\/wp-content\/uploads\/2023\/11\/4_Carmen-Busquets_CHAVON_Photo-credit-Oleg-Covian-1-1536x1152.jpg 1536w, https:\/\/chavon.edu.do\/wp-content\/uploads\/2023\/11\/4_Carmen-Busquets_CHAVON_Photo-credit-Oleg-Covian-1-2048x1536.jpg 2048w, https:\/\/chavon.edu.do\/wp-content\/uploads\/2023\/11\/4_Carmen-Busquets_CHAVON_Photo-credit-Oleg-Covian-1-600x450.jpg 600w\" sizes=\"auto, (max-width: 1024px) 100vw, 1024px\" \/><figcaption class=\"wp-element-caption\"><em>Fotograf\u00eda de Oleg Covian<\/em>.<\/figcaption><\/figure>\n\n\n\n<p>Comprometida con la educaci\u00f3n y el desarrollo de talento creativo, <strong>fue una aliada estrat\u00e9gica de CHAV\u00d3N en la colaboraci\u00f3n con V\u00edstete de Sue\u00f1os, organizaci\u00f3n venezolana sin fines de lucro<\/strong> dedicada a capacitar a mujeres de bajos recursos para convertirse en profesionales de la costura.<\/p>\n\n\n\n<p>Con la visita de Carmen Busquets al campus de Santo Domingo, CHAV\u00d3N La Escuela De Dise\u00f1o refuerza su compromiso con la educaci\u00f3n art\u00edstica y el est\u00edmulo de futuros talentos en la industria del arte y dise\u00f1o en Am\u00e9rica Latina.<\/p>\n\n\n\n<h2 class=\"wp-block-heading\"><strong>Sobre la visita de V\u00edstete de Sue\u00f1os<\/strong><\/h2>\n\n\n\n<figure class=\"wp-block-image size-large\"><img loading=\"lazy\" decoding=\"async\" width=\"1024\" height=\"577\" src=\"https:\/\/chavon.edu.do\/wp-content\/uploads\/2023\/11\/P1699106-1024x577.jpg\" alt=\"\" class=\"wp-image-6066\" srcset=\"https:\/\/chavon.edu.do\/wp-content\/uploads\/2023\/11\/P1699106-1024x577.jpg 1024w, https:\/\/chavon.edu.do\/wp-content\/uploads\/2023\/11\/P1699106-300x169.jpg 300w, https:\/\/chavon.edu.do\/wp-content\/uploads\/2023\/11\/P1699106-768x433.jpg 768w, https:\/\/chavon.edu.do\/wp-content\/uploads\/2023\/11\/P1699106-1536x865.jpg 1536w, https:\/\/chavon.edu.do\/wp-content\/uploads\/2023\/11\/P1699106-2048x1154.jpg 2048w, https:\/\/chavon.edu.do\/wp-content\/uploads\/2023\/11\/P1699106-600x338.jpg 600w\" sizes=\"auto, (max-width: 1024px) 100vw, 1024px\" \/><figcaption class=\"wp-element-caption\"><em>Maestros de la Fundaci\u00f3n V\u00edstete de Sue\u00f1os fotografiados por Victoria Pe\u00f1a.<\/em><\/figcaption><\/figure>\n\n\n\n<p>Durante tres intensas semanas, <strong>cinco maestros de la<\/strong><a href=\"https:\/\/www.instagram.com\/vistetedesuenos\/?hl=en\"><strong> <\/strong><strong>Fundaci\u00f3n V\u00edstete de Sue\u00f1os<\/strong><\/a><strong> tuvieron el privilegio de sumergirse en los fundamentos, procesos de dise\u00f1o y conceptualizaci\u00f3n en la moda en el<\/strong><a href=\"https:\/\/chavon.edu.do\/es\/esp\/campus-la-romana\/\"><strong> <\/strong><strong>Campus de Altos De Chav\u00f3n de La Escuela.<\/strong><\/a> Fueron guiados por expertos de la Facultad de Dise\u00f1o de Moda, como Samuel Priego, Marina Spadafora, Magaly Tiburcio, Anny Abatte, Katia Rios, Laura Geradino, y Linandra Javier, y la reci\u00e9n egresada Fatima Sergiampietri, quienes compartieron generosamente su conocimiento y experiencia.\u2060<\/p>\n\n\n\n<h2 class=\"wp-block-heading\"><strong>Sobre Carmen Busquets<\/strong><\/h2>\n\n\n\n<p>Carmen Busquets, es una inversionista estrat\u00e9gica, emprendedora, y fil\u00e1ntropa venezolana, cuya trayectoria en la industria de la moda de lujo lleva m\u00e1s de tres d\u00e9cadas. Es la co-fundadora de<a href=\"https:\/\/www.net-a-porter.com\/en-us\/?cm_mmc=sea&amp;&amp;&amp;vtp00=GOOGLE&amp;vtp01=SEAB&amp;vtp02=409512497&amp;vtp03=26286723857&amp;vtp04=&amp;vtp05=&amp;vtp06=kwd-11038703448&amp;vtp07=&amp;vtp08=9069760&amp;vtp09=e&amp;vtp10=g&amp;vtp11=c&amp;vtp12=656404936018&amp;vtp13=net--a-porter&amp;gclid=Cj0KCQjwtJKqBhCaARIsAN_yS_kUYP1YxKHfUFVAitBfLu2qBUqx6PFtQ2owPCgk_3Wy4TAm44Irzo8aApaZEALw_wcB&amp;gclsrc=aw.ds\"> Net-A-Porter.<\/a> Busquets, miembro pionera del espacio de la tecnolog\u00eda de la moda, defiende su potencial para promover el desarrollo sostenible, convirtiendo la industria de la moda de lujo en una que equilibre las ganancias con el prop\u00f3sito.<\/p>\n\n\n\n<figure class=\"wp-block-image size-large\"><img loading=\"lazy\" decoding=\"async\" width=\"1024\" height=\"1024\" src=\"https:\/\/chavon.edu.do\/wp-content\/uploads\/2023\/11\/3_Carmen-Busquets_CHAVON_Photo-credit-Oleg-Covian-1024x1024.jpg\" alt=\"\" class=\"wp-image-6067\" srcset=\"https:\/\/chavon.edu.do\/wp-content\/uploads\/2023\/11\/3_Carmen-Busquets_CHAVON_Photo-credit-Oleg-Covian-1024x1024.jpg 1024w, https:\/\/chavon.edu.do\/wp-content\/uploads\/2023\/11\/3_Carmen-Busquets_CHAVON_Photo-credit-Oleg-Covian-300x300.jpg 300w, https:\/\/chavon.edu.do\/wp-content\/uploads\/2023\/11\/3_Carmen-Busquets_CHAVON_Photo-credit-Oleg-Covian-150x150.jpg 150w, https:\/\/chavon.edu.do\/wp-content\/uploads\/2023\/11\/3_Carmen-Busquets_CHAVON_Photo-credit-Oleg-Covian-768x768.jpg 768w, https:\/\/chavon.edu.do\/wp-content\/uploads\/2023\/11\/3_Carmen-Busquets_CHAVON_Photo-credit-Oleg-Covian-1536x1536.jpg 1536w, https:\/\/chavon.edu.do\/wp-content\/uploads\/2023\/11\/3_Carmen-Busquets_CHAVON_Photo-credit-Oleg-Covian-600x600.jpg 600w, https:\/\/chavon.edu.do\/wp-content\/uploads\/2023\/11\/3_Carmen-Busquets_CHAVON_Photo-credit-Oleg-Covian-100x100.jpg 100w, https:\/\/chavon.edu.do\/wp-content\/uploads\/2023\/11\/3_Carmen-Busquets_CHAVON_Photo-credit-Oleg-Covian.jpg 2048w\" sizes=\"auto, (max-width: 1024px) 100vw, 1024px\" \/><figcaption class=\"wp-element-caption\"><em>Fotograf\u00eda de Oleg Covian<\/em>.<\/figcaption><\/figure>\n\n\n\n<p>Busquets tambi\u00e9n apoya las empresas que priorizan la artesan\u00eda a mano y preservan el patrimonio cultural de sus naciones. <strong>Conocida por su intuici\u00f3n y capacidad de proyectar tendencias,<\/strong> m\u00e1s que una inversionista, es una <strong>gu\u00eda para j\u00f3venes emprendedores y organizaciones sin fines de lucro que buscan crecer en la industria de la moda.<\/strong><\/p>\n\n\n\n<p>En una reciente publicaci\u00f3n en su cuenta de Instagram, Carmen Busquets <strong>expres\u00f3 su gratitud por la oportunidad de aprender y colaborar junto a Dominique Bluhdorn como miembro de la junta de gobernadores de Parsons School of Design.<\/strong> Adem\u00e1s, elogi\u00f3 la pasi\u00f3n y energ\u00eda contagiosa de la facultad de CHAV\u00d3N y destac\u00f3 el impacto positivo que la instituci\u00f3n tiene en la educaci\u00f3n creativa en la regi\u00f3n.<strong>Acerca de CHAV\u00d3N La Escuela De Dise\u00f1o:<\/strong><em>CHAV\u00d3N La Escuela De Dise\u00f1o, fundada en 1983, se ha convertido en un faro de educaci\u00f3n art\u00edstica en la Rep\u00fablica Dominicana. Con la visi\u00f3n de Charles Bluhdorn y el apoyo continuo de su hija Dominique Bluhdorn, CHAV\u00d3N se ha destacado en la formaci\u00f3n de artistas, dise\u00f1adores y cineastas talentosos que contribuyen al mundo de la creatividad.<\/em><\/p>\n\n\n\n<p><strong>Acerca de CHAV\u00d3N La Escuela De Dise\u00f1o:<\/strong> <em>CHAV\u00d3N La Escuela De Dise\u00f1o, fundada en 1983, se ha convertido en un faro de educaci\u00f3n art\u00edstica en la Rep\u00fablica Dominicana. Con la visi\u00f3n de Charles Bluhdorn y el apoyo continuo de su hija Dominique Bluhdorn, CHAV\u00d3N se ha destacado en la formaci\u00f3n de artistas, dise\u00f1adores y cineastas talentosos que contribuyen al mundo de la creatividad.<\/em><\/p>\n\n\n\n<p class=\"has-cyan-bluish-gray-color has-text-color\"><\/p>","protected":false},"excerpt":{"rendered":"<p><a class=\"read-more\" href=\"https:\/\/chavon.edu.do\/es\/chavon-recibe-a-la-empresaria-y-filantropa-venezolana-carmen-busquets\/\">+ Lee m\u00e1s<\/a><\/p>","protected":false},"author":21,"featured_media":6063,"comment_status":"open","ping_status":"open","sticky":false,"template":"","format":"standard","meta":{"_acf_changed":false,"footnotes":""},"categories":[301],"tags":[121,183],"class_list":["post-6062","post","type-post","status-publish","format-standard","has-post-thumbnail","hentry","category-visitantes","tag-fashion-marketing","tag-mercadeo-y-comunicacion-de-moda"],"acf":[],"yoast_head":"<!-- This site is optimized with the Yoast SEO plugin v26.6 - https:\/\/yoast.com\/wordpress\/plugins\/seo\/ -->\n<title>CHAV\u00d3N recibe a la empresaria y fil\u00e1ntropa venezolana Carmen Busquets.<\/title>\n<meta name=\"description\" content=\"CHAV\u00d3N La Escuela de Dise\u00f1o | Carmen Busquets, empresaria venezolana, visit\u00f3 CHAV\u00d3N La Escuela De Dise\u00f1o en Santo Domingo.\" \/>\n<meta name=\"robots\" content=\"index, follow, max-snippet:-1, max-image-preview:large, max-video-preview:-1\" \/>\n<link rel=\"canonical\" href=\"https:\/\/chavon.edu.do\/es\/chavon-recibe-a-la-empresaria-y-filantropa-venezolana-carmen-busquets\/\" \/>\n<meta property=\"og:locale\" content=\"es_ES\" \/>\n<meta property=\"og:type\" content=\"article\" \/>\n<meta property=\"og:title\" content=\"CHAV\u00d3N recibe a la empresaria y fil\u00e1ntropa venezolana Carmen Busquets.\" \/>\n<meta property=\"og:description\" content=\"CHAV\u00d3N La Escuela de Dise\u00f1o | Carmen Busquets, empresaria venezolana, visit\u00f3 CHAV\u00d3N La Escuela De Dise\u00f1o en Santo Domingo.\" \/>\n<meta property=\"og:url\" content=\"https:\/\/chavon.edu.do\/es\/chavon-recibe-a-la-empresaria-y-filantropa-venezolana-carmen-busquets\/\" \/>\n<meta property=\"og:site_name\" content=\"CHAV\u00d3N School of Design\" \/>\n<meta property=\"article:published_time\" content=\"2023-11-03T22:05:31+00:00\" \/>\n<meta property=\"article:modified_time\" content=\"2023-11-03T22:09:04+00:00\" \/>\n<meta property=\"og:image\" content=\"https:\/\/chavon.edu.do\/wp-content\/uploads\/2023\/11\/1_Carmen-Busquets_CHAVON_Photo-credit-Oleg-Covian.jpg\" \/>\n\t<meta property=\"og:image:width\" content=\"2048\" \/>\n\t<meta property=\"og:image:height\" content=\"1537\" \/>\n\t<meta property=\"og:image:type\" content=\"image\/jpeg\" \/>\n<meta name=\"author\" content=\"Codika Webmin\" \/>\n<meta name=\"twitter:card\" content=\"summary_large_image\" \/>\n<meta name=\"twitter:label1\" content=\"Escrito por\" \/>\n\t<meta name=\"twitter:data1\" content=\"Codika Webmin\" \/>\n\t<meta name=\"twitter:label2\" content=\"Tiempo estimado de lectura\" \/>\n\t<meta name=\"twitter:data2\" content=\"4 minutos\" \/>\n<script type=\"application\/ld+json\" class=\"yoast-schema-graph\">{\"@context\":\"https:\/\/schema.org\",\"@graph\":[{\"@type\":\"Article\",\"@id\":\"https:\/\/chavon.edu.do\/es\/chavon-recibe-a-la-empresaria-y-filantropa-venezolana-carmen-busquets\/#article\",\"isPartOf\":{\"@id\":\"https:\/\/chavon.edu.do\/es\/chavon-recibe-a-la-empresaria-y-filantropa-venezolana-carmen-busquets\/\"},\"author\":{\"name\":\"Codika Webmin\",\"@id\":\"https:\/\/chavon.edu.do\/#\/schema\/person\/a287fdedeb1a9366d540c716b07583ba\"},\"headline\":\"CHAV\u00d3N recibe a la empresaria y fil\u00e1ntropa venezolana Carmen Busquets.\",\"datePublished\":\"2023-11-03T22:05:31+00:00\",\"dateModified\":\"2023-11-03T22:09:04+00:00\",\"mainEntityOfPage\":{\"@id\":\"https:\/\/chavon.edu.do\/es\/chavon-recibe-a-la-empresaria-y-filantropa-venezolana-carmen-busquets\/\"},\"wordCount\":820,\"commentCount\":0,\"publisher\":{\"@id\":\"https:\/\/chavon.edu.do\/#organization\"},\"image\":{\"@id\":\"https:\/\/chavon.edu.do\/es\/chavon-recibe-a-la-empresaria-y-filantropa-venezolana-carmen-busquets\/#primaryimage\"},\"thumbnailUrl\":\"https:\/\/chavon.edu.do\/wp-content\/uploads\/2023\/11\/1_Carmen-Busquets_CHAVON_Photo-credit-Oleg-Covian.jpg\",\"keywords\":[\"Fashion Marketing\",\"Mercadeo y Comunicaci\u00f3n de Moda\"],\"articleSection\":[\"Visitantes\"],\"inLanguage\":\"es\"},{\"@type\":\"WebPage\",\"@id\":\"https:\/\/chavon.edu.do\/es\/chavon-recibe-a-la-empresaria-y-filantropa-venezolana-carmen-busquets\/\",\"url\":\"https:\/\/chavon.edu.do\/es\/chavon-recibe-a-la-empresaria-y-filantropa-venezolana-carmen-busquets\/\",\"name\":\"CHAV\u00d3N recibe a la empresaria y fil\u00e1ntropa venezolana Carmen Busquets.\",\"isPartOf\":{\"@id\":\"https:\/\/chavon.edu.do\/#website\"},\"primaryImageOfPage\":{\"@id\":\"https:\/\/chavon.edu.do\/es\/chavon-recibe-a-la-empresaria-y-filantropa-venezolana-carmen-busquets\/#primaryimage\"},\"image\":{\"@id\":\"https:\/\/chavon.edu.do\/es\/chavon-recibe-a-la-empresaria-y-filantropa-venezolana-carmen-busquets\/#primaryimage\"},\"thumbnailUrl\":\"https:\/\/chavon.edu.do\/wp-content\/uploads\/2023\/11\/1_Carmen-Busquets_CHAVON_Photo-credit-Oleg-Covian.jpg\",\"datePublished\":\"2023-11-03T22:05:31+00:00\",\"dateModified\":\"2023-11-03T22:09:04+00:00\",\"description\":\"CHAV\u00d3N La Escuela de Dise\u00f1o | Carmen Busquets, empresaria venezolana, visit\u00f3 CHAV\u00d3N La Escuela De Dise\u00f1o en Santo Domingo.\",\"breadcrumb\":{\"@id\":\"https:\/\/chavon.edu.do\/es\/chavon-recibe-a-la-empresaria-y-filantropa-venezolana-carmen-busquets\/#breadcrumb\"},\"inLanguage\":\"es\",\"potentialAction\":[{\"@type\":\"ReadAction\",\"target\":[\"https:\/\/chavon.edu.do\/es\/chavon-recibe-a-la-empresaria-y-filantropa-venezolana-carmen-busquets\/\"]}]},{\"@type\":\"ImageObject\",\"inLanguage\":\"es\",\"@id\":\"https:\/\/chavon.edu.do\/es\/chavon-recibe-a-la-empresaria-y-filantropa-venezolana-carmen-busquets\/#primaryimage\",\"url\":\"https:\/\/chavon.edu.do\/wp-content\/uploads\/2023\/11\/1_Carmen-Busquets_CHAVON_Photo-credit-Oleg-Covian.jpg\",\"contentUrl\":\"https:\/\/chavon.edu.do\/wp-content\/uploads\/2023\/11\/1_Carmen-Busquets_CHAVON_Photo-credit-Oleg-Covian.jpg\",\"width\":2048,\"height\":1537,\"caption\":\"Processed with VSCO with a2 preset\"},{\"@type\":\"BreadcrumbList\",\"@id\":\"https:\/\/chavon.edu.do\/es\/chavon-recibe-a-la-empresaria-y-filantropa-venezolana-carmen-busquets\/#breadcrumb\",\"itemListElement\":[{\"@type\":\"ListItem\",\"position\":1,\"name\":\"Home\",\"item\":\"https:\/\/chavon.edu.do\/\"},{\"@type\":\"ListItem\",\"position\":2,\"name\":\"CHAV\u00d3N recibe a la empresaria y fil\u00e1ntropa venezolana Carmen Busquets.\"}]},{\"@type\":\"WebSite\",\"@id\":\"https:\/\/chavon.edu.do\/#website\",\"url\":\"https:\/\/chavon.edu.do\/\",\"name\":\"CHAV\u00d3N School of Design\",\"description\":\"\",\"publisher\":{\"@id\":\"https:\/\/chavon.edu.do\/#organization\"},\"potentialAction\":[{\"@type\":\"SearchAction\",\"target\":{\"@type\":\"EntryPoint\",\"urlTemplate\":\"https:\/\/chavon.edu.do\/?s={search_term_string}\"},\"query-input\":{\"@type\":\"PropertyValueSpecification\",\"valueRequired\":true,\"valueName\":\"search_term_string\"}}],\"inLanguage\":\"es\"},{\"@type\":\"Organization\",\"@id\":\"https:\/\/chavon.edu.do\/#organization\",\"name\":\"Chav\u00f3n - La Escuela de Dise\u00f1o\",\"url\":\"https:\/\/chavon.edu.do\/\",\"logo\":{\"@type\":\"ImageObject\",\"inLanguage\":\"es\",\"@id\":\"https:\/\/chavon.edu.do\/#\/schema\/logo\/image\/\",\"url\":\"https:\/\/chavon.edu.do\/wp-content\/uploads\/2019\/12\/chavon.png\",\"contentUrl\":\"https:\/\/chavon.edu.do\/wp-content\/uploads\/2019\/12\/chavon.png\",\"width\":225,\"height\":225,\"caption\":\"Chav\u00f3n - La Escuela de Dise\u00f1o\"},\"image\":{\"@id\":\"https:\/\/chavon.edu.do\/#\/schema\/logo\/image\/\"}},{\"@type\":\"Person\",\"@id\":\"https:\/\/chavon.edu.do\/#\/schema\/person\/a287fdedeb1a9366d540c716b07583ba\",\"name\":\"Codika Webmin\"}]}<\/script>\n<!-- \/ Yoast SEO plugin. -->","yoast_head_json":{"title":"CHAV\u00d3N recibe a la empresaria y fil\u00e1ntropa venezolana Carmen Busquets.","description":"CHAV\u00d3N La Escuela de Dise\u00f1o | Carmen Busquets, empresaria venezolana, visit\u00f3 CHAV\u00d3N La Escuela De Dise\u00f1o en Santo Domingo.","robots":{"index":"index","follow":"follow","max-snippet":"max-snippet:-1","max-image-preview":"max-image-preview:large","max-video-preview":"max-video-preview:-1"},"canonical":"https:\/\/chavon.edu.do\/es\/chavon-recibe-a-la-empresaria-y-filantropa-venezolana-carmen-busquets\/","og_locale":"es_ES","og_type":"article","og_title":"CHAV\u00d3N recibe a la empresaria y fil\u00e1ntropa venezolana Carmen Busquets.","og_description":"CHAV\u00d3N La Escuela de Dise\u00f1o | Carmen Busquets, empresaria venezolana, visit\u00f3 CHAV\u00d3N La Escuela De Dise\u00f1o en Santo Domingo.","og_url":"https:\/\/chavon.edu.do\/es\/chavon-recibe-a-la-empresaria-y-filantropa-venezolana-carmen-busquets\/","og_site_name":"CHAV\u00d3N School of Design","article_published_time":"2023-11-03T22:05:31+00:00","article_modified_time":"2023-11-03T22:09:04+00:00","og_image":[{"width":2048,"height":1537,"url":"https:\/\/chavon.edu.do\/wp-content\/uploads\/2023\/11\/1_Carmen-Busquets_CHAVON_Photo-credit-Oleg-Covian.jpg","type":"image\/jpeg"}],"author":"Codika Webmin","twitter_card":"summary_large_image","twitter_misc":{"Escrito por":"Codika Webmin","Tiempo estimado de lectura":"4 minutos"},"schema":{"@context":"https:\/\/schema.org","@graph":[{"@type":"Article","@id":"https:\/\/chavon.edu.do\/es\/chavon-recibe-a-la-empresaria-y-filantropa-venezolana-carmen-busquets\/#article","isPartOf":{"@id":"https:\/\/chavon.edu.do\/es\/chavon-recibe-a-la-empresaria-y-filantropa-venezolana-carmen-busquets\/"},"author":{"name":"Codika Webmin","@id":"https:\/\/chavon.edu.do\/#\/schema\/person\/a287fdedeb1a9366d540c716b07583ba"},"headline":"CHAV\u00d3N recibe a la empresaria y fil\u00e1ntropa venezolana Carmen Busquets.","datePublished":"2023-11-03T22:05:31+00:00","dateModified":"2023-11-03T22:09:04+00:00","mainEntityOfPage":{"@id":"https:\/\/chavon.edu.do\/es\/chavon-recibe-a-la-empresaria-y-filantropa-venezolana-carmen-busquets\/"},"wordCount":820,"commentCount":0,"publisher":{"@id":"https:\/\/chavon.edu.do\/#organization"},"image":{"@id":"https:\/\/chavon.edu.do\/es\/chavon-recibe-a-la-empresaria-y-filantropa-venezolana-carmen-busquets\/#primaryimage"},"thumbnailUrl":"https:\/\/chavon.edu.do\/wp-content\/uploads\/2023\/11\/1_Carmen-Busquets_CHAVON_Photo-credit-Oleg-Covian.jpg","keywords":["Fashion Marketing","Mercadeo y Comunicaci\u00f3n de Moda"],"articleSection":["Visitantes"],"inLanguage":"es"},{"@type":"WebPage","@id":"https:\/\/chavon.edu.do\/es\/chavon-recibe-a-la-empresaria-y-filantropa-venezolana-carmen-busquets\/","url":"https:\/\/chavon.edu.do\/es\/chavon-recibe-a-la-empresaria-y-filantropa-venezolana-carmen-busquets\/","name":"CHAV\u00d3N recibe a la empresaria y fil\u00e1ntropa venezolana Carmen Busquets.","isPartOf":{"@id":"https:\/\/chavon.edu.do\/#website"},"primaryImageOfPage":{"@id":"https:\/\/chavon.edu.do\/es\/chavon-recibe-a-la-empresaria-y-filantropa-venezolana-carmen-busquets\/#primaryimage"},"image":{"@id":"https:\/\/chavon.edu.do\/es\/chavon-recibe-a-la-empresaria-y-filantropa-venezolana-carmen-busquets\/#primaryimage"},"thumbnailUrl":"https:\/\/chavon.edu.do\/wp-content\/uploads\/2023\/11\/1_Carmen-Busquets_CHAVON_Photo-credit-Oleg-Covian.jpg","datePublished":"2023-11-03T22:05:31+00:00","dateModified":"2023-11-03T22:09:04+00:00","description":"CHAV\u00d3N La Escuela de Dise\u00f1o | Carmen Busquets, empresaria venezolana, visit\u00f3 CHAV\u00d3N La Escuela De Dise\u00f1o en Santo Domingo.","breadcrumb":{"@id":"https:\/\/chavon.edu.do\/es\/chavon-recibe-a-la-empresaria-y-filantropa-venezolana-carmen-busquets\/#breadcrumb"},"inLanguage":"es","potentialAction":[{"@type":"ReadAction","target":["https:\/\/chavon.edu.do\/es\/chavon-recibe-a-la-empresaria-y-filantropa-venezolana-carmen-busquets\/"]}]},{"@type":"ImageObject","inLanguage":"es","@id":"https:\/\/chavon.edu.do\/es\/chavon-recibe-a-la-empresaria-y-filantropa-venezolana-carmen-busquets\/#primaryimage","url":"https:\/\/chavon.edu.do\/wp-content\/uploads\/2023\/11\/1_Carmen-Busquets_CHAVON_Photo-credit-Oleg-Covian.jpg","contentUrl":"https:\/\/chavon.edu.do\/wp-content\/uploads\/2023\/11\/1_Carmen-Busquets_CHAVON_Photo-credit-Oleg-Covian.jpg","width":2048,"height":1537,"caption":"Processed with VSCO with a2 preset"},{"@type":"BreadcrumbList","@id":"https:\/\/chavon.edu.do\/es\/chavon-recibe-a-la-empresaria-y-filantropa-venezolana-carmen-busquets\/#breadcrumb","itemListElement":[{"@type":"ListItem","position":1,"name":"Home","item":"https:\/\/chavon.edu.do\/"},{"@type":"ListItem","position":2,"name":"CHAV\u00d3N recibe a la empresaria y fil\u00e1ntropa venezolana Carmen Busquets."}]},{"@type":"WebSite","@id":"https:\/\/chavon.edu.do\/#website","url":"https:\/\/chavon.edu.do\/","name":"CHAV\u00d3N La Escuela de Dise\u00f1o","description":"","publisher":{"@id":"https:\/\/chavon.edu.do\/#organization"},"potentialAction":[{"@type":"SearchAction","target":{"@type":"EntryPoint","urlTemplate":"https:\/\/chavon.edu.do\/?s={search_term_string}"},"query-input":{"@type":"PropertyValueSpecification","valueRequired":true,"valueName":"search_term_string"}}],"inLanguage":"es"},{"@type":"Organization","@id":"https:\/\/chavon.edu.do\/#organization","name":"Chav\u00f3n - La Escuela de Dise\u00f1o","url":"https:\/\/chavon.edu.do\/","logo":{"@type":"ImageObject","inLanguage":"es","@id":"https:\/\/chavon.edu.do\/#\/schema\/logo\/image\/","url":"https:\/\/chavon.edu.do\/wp-content\/uploads\/2019\/12\/chavon.png","contentUrl":"https:\/\/chavon.edu.do\/wp-content\/uploads\/2019\/12\/chavon.png","width":225,"height":225,"caption":"Chav\u00f3n - La Escuela de Dise\u00f1o"},"image":{"@id":"https:\/\/chavon.edu.do\/#\/schema\/logo\/image\/"}},{"@type":"Person","@id":"https:\/\/chavon.edu.do\/#\/schema\/person\/a287fdedeb1a9366d540c716b07583ba","name":"Codika Webmin"}]}},"_links":{"self":[{"href":"https:\/\/chavon.edu.do\/es\/wp-json\/wp\/v2\/posts\/6062","targetHints":{"allow":["GET"]}}],"collection":[{"href":"https:\/\/chavon.edu.do\/es\/wp-json\/wp\/v2\/posts"}],"about":[{"href":"https:\/\/chavon.edu.do\/es\/wp-json\/wp\/v2\/types\/post"}],"author":[{"embeddable":true,"href":"https:\/\/chavon.edu.do\/es\/wp-json\/wp\/v2\/users\/21"}],"replies":[{"embeddable":true,"href":"https:\/\/chavon.edu.do\/es\/wp-json\/wp\/v2\/comments?post=6062"}],"version-history":[{"count":0,"href":"https:\/\/chavon.edu.do\/es\/wp-json\/wp\/v2\/posts\/6062\/revisions"}],"wp:featuredmedia":[{"embeddable":true,"href":"https:\/\/chavon.edu.do\/es\/wp-json\/wp\/v2\/media\/6063"}],"wp:attachment":[{"href":"https:\/\/chavon.edu.do\/es\/wp-json\/wp\/v2\/media?parent=6062"}],"wp:term":[{"taxonomy":"category","embeddable":true,"href":"https:\/\/chavon.edu.do\/es\/wp-json\/wp\/v2\/categories?post=6062"},{"taxonomy":"post_tag","embeddable":true,"href":"https:\/\/chavon.edu.do\/es\/wp-json\/wp\/v2\/tags?post=6062"}],"curies":[{"name":"wp","href":"https:\/\/api.w.org\/{rel}","templated":true}]}}