{"id":4157,"date":"2020-08-17T18:47:32","date_gmt":"2020-08-17T18:47:32","guid":{"rendered":"https:\/\/chavon.edu.do\/?p=4157"},"modified":"2020-08-17T18:47:34","modified_gmt":"2020-08-17T18:47:34","slug":"se-impone-la-presencia-de-disenadores-chavoneros-en-acto-inaugural","status":"publish","type":"post","link":"https:\/\/chavon.edu.do\/en\/se-impone-la-presencia-de-disenadores-chavoneros-en-acto-inaugural\/","title":{"rendered":"Se impone la presencia de dise\u00f1adores chavoneros en acto inaugural"},"content":{"rendered":"\n<p>La moda local y talento chavonero se hacen presente durante el acto inaugural y toma de posesi\u00f3n del presidente electo de la Rep\u00fablica Dominicana, el Sr. Luis Abinader y la Vicepresienta electa, la Sra. Raquel Pe\u00f1a.&nbsp;<\/p>\n\n\n\n<p>El c\u00f3digo de vestimenta desde el 1973 ha sido el color blanco para representar cercan\u00eda, confiabilidad y frescura. Los egresados de la Carrera T\u00e9cnica en Dise\u00f1o de Modas, Luis Dom\u00ednguez, Jos\u00e9 Jhan Rodr\u00edguez y Mayl\u00e9 V\u00e1squez, as\u00ed como Solange Jim\u00e9nez, Carolina Soc\u00edas y Kaori Sone, miembros del equipo de dise\u00f1o de la Casa de Modas Jenny Polanco, supieron representar a la perfecci\u00f3n el estilo de cada candidato y con sus dise\u00f1os pusieron en alto la moda dominicana.\u00a0<\/p>\n\n\n\n<p><br>Luis Dom\u00ednguez, egresado en el a\u00f1o 2000, ha explorado todos los rincones de la moda, alfombras rojas para eventos importantes, graduaci\u00f3n y l\u00ednea de uniformes. Tras quince colecciones realizadas, hoy en d\u00eda es conocido como el \u2018\u2019Rey de las Novias\u2019\u2019 dise\u00f1ando hermosos trajes de novias.\u00a0<\/p>\n\n\n\n<p>Para este evento de toma de posesi\u00f3n, visti\u00f3 a:<\/p>\n\n\n\n<ul class=\"wp-block-list\"><li>Raquel Pe\u00f1a, Vicepresidenta electa<\/li><li>Milagros Germ\u00e1n, Vocera del Gobierno<\/li><li>Dra. Yadira Henr\u00edquez, Directora del Plan de Asistencia Social de la Presidencia<\/li><li>Grey Maldonado, Diputada provincia El Seibo<\/li><li>Rosa e Isabel Antu\u00f1a Pe\u00f1a, hijas de la Vicepresidenta electa<\/li><\/ul>\n\n\n\n<p>Jos\u00e9 Jhan Rodr\u00edguez, egresado en 1995, se especializ\u00f3 en Marketing Visual en Moda en el International Fine Arts Collage en Miami y en Imagen de Moda en el Instituto de dise\u00f1o Marangoni en Mil\u00e1n tras finalizar sus estudios en CHAV\u00d3N. Ha vestido a importantes celebridades de la Rep\u00fablica Dominicana y Latinoam\u00e9rica en general, y ha sido asesor de imagen del reconocido cantautor, Juan Luis Guerra.&nbsp;<\/p>\n\n\n\n<p>En esta importante ocasi\u00f3n, visti\u00f3 a:<\/p>\n\n\n\n<ul class=\"wp-block-list\"><li>Eduardo Sanz Lovaton, Director General de Aduanas\u00a0<\/li><li>Jose Horacio Rodr\u00edguez, Diputado Distrito Nacional\u00a0<\/li><li>Angel Est\u00e9vez, Diputado de La Vega\u00a0<\/li><li>Jos\u00e9 del Castillo, Senador de Barahona<\/li><li>Juan Jos\u00e9 Rojas, Diputado Provincia Santo Domingo\u00a0<\/li><li>Ivan Lorenzo, Senador Provincia El\u00edas Pi\u00f1a\u00a0<\/li><li>Bolivar Valera, Diputado Santo Domingo Este\u00a0<\/li><\/ul>\n\n\n\n<p>Mayl\u00e9 V\u00e1zquez, egresada en 2007, continu\u00f3 sus estudios en Parsons School of Design y luego realiz\u00f3 un master en Gerencia de Marca y Comunicaciones en el Instituto de dise\u00f1o Marangoni en Mil\u00e1n.&nbsp;&nbsp;La joven dise\u00f1adora tiene un atelier de costura donde produce ropa para una gran lista de clientas.<\/p>\n\n\n\n<p>Para este evento de toma de posesi\u00f3n, visti\u00f3 a:<\/p>\n\n\n\n<p>\u2022 Faride Raful, Senadora del Distrito Nacional<\/p>\n\n\n\n<p>Las tambi\u00e9n egresadas de la Carrera T\u00e9cnica de Dise\u00f1o de Modas en CHAV\u00d3N, Solange Jim\u00e9nez 1989,Carolina Soc\u00edas&nbsp;2011,&nbsp;y Kaori Sone 2011, quienes forman parte del equipo de dise\u00f1o de la Casa de Modas Jenny Polanco, quien visti\u00f3 a la Primera Dama, la Sra. Raquel Arbaje de Abinader.&nbsp;<\/p>\n","protected":false},"excerpt":{"rendered":"<p><a class=\"read-more\" href=\"https:\/\/chavon.edu.do\/en\/se-impone-la-presencia-de-disenadores-chavoneros-en-acto-inaugural\/\">+ Read more<\/a><\/p>\n","protected":false},"author":21,"featured_media":4158,"comment_status":"open","ping_status":"open","sticky":false,"template":"","format":"standard","meta":{"_acf_changed":false,"footnotes":""},"categories":[1],"tags":[153,152,149,150,151,147,146,154],"class_list":["post-4157","post","type-post","status-publish","format-standard","has-post-thumbnail","hentry","category-uncategorized","tag-carolina-socias","tag-jenny-polanco","tag-jose-jhan-rodriguez","tag-luis-dominguez","tag-mayle-vasquez","tag-milagros-german","tag-raquel-pena","tag-toma-de-posesion-2020"],"acf":[],"yoast_head":"<!-- This site is optimized with the Yoast SEO plugin v26.6 - https:\/\/yoast.com\/wordpress\/plugins\/seo\/ -->\n<title>Se impone la presencia de dise\u00f1adores chavoneros en acto inaugural | CHAV\u00d3N School of Design<\/title>\n<meta name=\"description\" content=\"CHAV\u00d3N - La Escuela de Dise\u00f1o - Se impone la presencia de dise\u00f1adores chavoneros en acto inaugural\" \/>\n<meta name=\"robots\" content=\"index, follow, max-snippet:-1, max-image-preview:large, max-video-preview:-1\" \/>\n<link rel=\"canonical\" href=\"https:\/\/chavon.edu.do\/en\/se-impone-la-presencia-de-disenadores-chavoneros-en-acto-inaugural\/\" \/>\n<meta property=\"og:locale\" content=\"en_US\" \/>\n<meta property=\"og:type\" content=\"article\" \/>\n<meta property=\"og:title\" content=\"Se impone la presencia de dise\u00f1adores chavoneros en acto inaugural | CHAV\u00d3N School of Design\" \/>\n<meta property=\"og:description\" content=\"CHAV\u00d3N - La Escuela de Dise\u00f1o - Se impone la presencia de dise\u00f1adores chavoneros en acto inaugural\" \/>\n<meta property=\"og:url\" content=\"https:\/\/chavon.edu.do\/en\/se-impone-la-presencia-de-disenadores-chavoneros-en-acto-inaugural\/\" \/>\n<meta property=\"og:site_name\" content=\"CHAV\u00d3N School of Design\" \/>\n<meta property=\"article:published_time\" content=\"2020-08-17T18:47:32+00:00\" \/>\n<meta property=\"article:modified_time\" content=\"2020-08-17T18:47:34+00:00\" \/>\n<meta property=\"og:image\" content=\"https:\/\/chavon.edu.do\/wp-content\/uploads\/2020\/08\/Raquel-Pe\u00f1a.jpg\" \/>\n\t<meta property=\"og:image:width\" content=\"750\" \/>\n\t<meta property=\"og:image:height\" content=\"750\" \/>\n\t<meta property=\"og:image:type\" content=\"image\/jpeg\" \/>\n<meta name=\"author\" content=\"Codika Webmin\" \/>\n<meta name=\"twitter:card\" content=\"summary_large_image\" \/>\n<meta name=\"twitter:label1\" content=\"Written by\" \/>\n\t<meta name=\"twitter:data1\" content=\"Codika Webmin\" \/>\n\t<meta name=\"twitter:label2\" content=\"Est. reading time\" \/>\n\t<meta name=\"twitter:data2\" content=\"2 minutes\" \/>\n<script type=\"application\/ld+json\" class=\"yoast-schema-graph\">{\"@context\":\"https:\/\/schema.org\",\"@graph\":[{\"@type\":\"Article\",\"@id\":\"https:\/\/chavon.edu.do\/se-impone-la-presencia-de-disenadores-chavoneros-en-acto-inaugural\/#article\",\"isPartOf\":{\"@id\":\"https:\/\/chavon.edu.do\/se-impone-la-presencia-de-disenadores-chavoneros-en-acto-inaugural\/\"},\"author\":{\"name\":\"Codika Webmin\",\"@id\":\"https:\/\/chavon.edu.do\/#\/schema\/person\/a287fdedeb1a9366d540c716b07583ba\"},\"headline\":\"Se impone la presencia de dise\u00f1adores chavoneros en acto inaugural\",\"datePublished\":\"2020-08-17T18:47:32+00:00\",\"dateModified\":\"2020-08-17T18:47:34+00:00\",\"mainEntityOfPage\":{\"@id\":\"https:\/\/chavon.edu.do\/se-impone-la-presencia-de-disenadores-chavoneros-en-acto-inaugural\/\"},\"wordCount\":493,\"commentCount\":0,\"publisher\":{\"@id\":\"https:\/\/chavon.edu.do\/#organization\"},\"image\":{\"@id\":\"https:\/\/chavon.edu.do\/se-impone-la-presencia-de-disenadores-chavoneros-en-acto-inaugural\/#primaryimage\"},\"thumbnailUrl\":\"https:\/\/chavon.edu.do\/wp-content\/uploads\/2020\/08\/Raquel-Pe\u00f1a.jpg\",\"keywords\":[\"Carolina Socias\",\"Jenny Polanco\",\"Jos\u00e9 Jhan Rodr\u00edguez\",\"Luis Dominguez\",\"Mayle Vasquez\",\"Milagros Germ\u00e1n\",\"Raquel Pe\u00f1a\",\"Toma de posesi\u00f3n 2020\"],\"inLanguage\":\"en-US\"},{\"@type\":\"WebPage\",\"@id\":\"https:\/\/chavon.edu.do\/se-impone-la-presencia-de-disenadores-chavoneros-en-acto-inaugural\/\",\"url\":\"https:\/\/chavon.edu.do\/se-impone-la-presencia-de-disenadores-chavoneros-en-acto-inaugural\/\",\"name\":\"Se impone la presencia de dise\u00f1adores chavoneros en acto inaugural | CHAV\u00d3N School of Design\",\"isPartOf\":{\"@id\":\"https:\/\/chavon.edu.do\/#website\"},\"primaryImageOfPage\":{\"@id\":\"https:\/\/chavon.edu.do\/se-impone-la-presencia-de-disenadores-chavoneros-en-acto-inaugural\/#primaryimage\"},\"image\":{\"@id\":\"https:\/\/chavon.edu.do\/se-impone-la-presencia-de-disenadores-chavoneros-en-acto-inaugural\/#primaryimage\"},\"thumbnailUrl\":\"https:\/\/chavon.edu.do\/wp-content\/uploads\/2020\/08\/Raquel-Pe\u00f1a.jpg\",\"datePublished\":\"2020-08-17T18:47:32+00:00\",\"dateModified\":\"2020-08-17T18:47:34+00:00\",\"description\":\"CHAV\u00d3N - La Escuela de Dise\u00f1o - Se impone la presencia de dise\u00f1adores chavoneros en acto inaugural\",\"breadcrumb\":{\"@id\":\"https:\/\/chavon.edu.do\/se-impone-la-presencia-de-disenadores-chavoneros-en-acto-inaugural\/#breadcrumb\"},\"inLanguage\":\"en-US\",\"potentialAction\":[{\"@type\":\"ReadAction\",\"target\":[\"https:\/\/chavon.edu.do\/se-impone-la-presencia-de-disenadores-chavoneros-en-acto-inaugural\/\"]}]},{\"@type\":\"ImageObject\",\"inLanguage\":\"en-US\",\"@id\":\"https:\/\/chavon.edu.do\/se-impone-la-presencia-de-disenadores-chavoneros-en-acto-inaugural\/#primaryimage\",\"url\":\"https:\/\/chavon.edu.do\/wp-content\/uploads\/2020\/08\/Raquel-Pe\u00f1a.jpg\",\"contentUrl\":\"https:\/\/chavon.edu.do\/wp-content\/uploads\/2020\/08\/Raquel-Pe\u00f1a.jpg\",\"width\":750,\"height\":750},{\"@type\":\"BreadcrumbList\",\"@id\":\"https:\/\/chavon.edu.do\/se-impone-la-presencia-de-disenadores-chavoneros-en-acto-inaugural\/#breadcrumb\",\"itemListElement\":[{\"@type\":\"ListItem\",\"position\":1,\"name\":\"Home\",\"item\":\"https:\/\/chavon.edu.do\/\"},{\"@type\":\"ListItem\",\"position\":2,\"name\":\"Se impone la presencia de dise\u00f1adores chavoneros en acto inaugural\"}]},{\"@type\":\"WebSite\",\"@id\":\"https:\/\/chavon.edu.do\/#website\",\"url\":\"https:\/\/chavon.edu.do\/\",\"name\":\"CHAV\u00d3N School of Design\",\"description\":\"\",\"publisher\":{\"@id\":\"https:\/\/chavon.edu.do\/#organization\"},\"potentialAction\":[{\"@type\":\"SearchAction\",\"target\":{\"@type\":\"EntryPoint\",\"urlTemplate\":\"https:\/\/chavon.edu.do\/?s={search_term_string}\"},\"query-input\":{\"@type\":\"PropertyValueSpecification\",\"valueRequired\":true,\"valueName\":\"search_term_string\"}}],\"inLanguage\":\"en-US\"},{\"@type\":\"Organization\",\"@id\":\"https:\/\/chavon.edu.do\/#organization\",\"name\":\"Chav\u00f3n - La Escuela de Dise\u00f1o\",\"url\":\"https:\/\/chavon.edu.do\/\",\"logo\":{\"@type\":\"ImageObject\",\"inLanguage\":\"en-US\",\"@id\":\"https:\/\/chavon.edu.do\/#\/schema\/logo\/image\/\",\"url\":\"https:\/\/chavon.edu.do\/wp-content\/uploads\/2019\/12\/chavon.png\",\"contentUrl\":\"https:\/\/chavon.edu.do\/wp-content\/uploads\/2019\/12\/chavon.png\",\"width\":225,\"height\":225,\"caption\":\"Chav\u00f3n - La Escuela de Dise\u00f1o\"},\"image\":{\"@id\":\"https:\/\/chavon.edu.do\/#\/schema\/logo\/image\/\"}},{\"@type\":\"Person\",\"@id\":\"https:\/\/chavon.edu.do\/#\/schema\/person\/a287fdedeb1a9366d540c716b07583ba\",\"name\":\"Codika Webmin\"}]}<\/script>\n<!-- \/ Yoast SEO plugin. -->","yoast_head_json":{"title":"Se impone la presencia de dise\u00f1adores chavoneros en acto inaugural | CHAV\u00d3N School of Design","description":"CHAV\u00d3N - La Escuela de Dise\u00f1o - Se impone la presencia de dise\u00f1adores chavoneros en acto inaugural","robots":{"index":"index","follow":"follow","max-snippet":"max-snippet:-1","max-image-preview":"max-image-preview:large","max-video-preview":"max-video-preview:-1"},"canonical":"https:\/\/chavon.edu.do\/en\/se-impone-la-presencia-de-disenadores-chavoneros-en-acto-inaugural\/","og_locale":"en_US","og_type":"article","og_title":"Se impone la presencia de dise\u00f1adores chavoneros en acto inaugural | CHAV\u00d3N School of Design","og_description":"CHAV\u00d3N - La Escuela de Dise\u00f1o - Se impone la presencia de dise\u00f1adores chavoneros en acto inaugural","og_url":"https:\/\/chavon.edu.do\/en\/se-impone-la-presencia-de-disenadores-chavoneros-en-acto-inaugural\/","og_site_name":"CHAV\u00d3N School of Design","article_published_time":"2020-08-17T18:47:32+00:00","article_modified_time":"2020-08-17T18:47:34+00:00","og_image":[{"width":750,"height":750,"url":"https:\/\/chavon.edu.do\/wp-content\/uploads\/2020\/08\/Raquel-Pe\u00f1a.jpg","type":"image\/jpeg"}],"author":"Codika Webmin","twitter_card":"summary_large_image","twitter_misc":{"Written by":"Codika Webmin","Est. reading time":"2 minutes"},"schema":{"@context":"https:\/\/schema.org","@graph":[{"@type":"Article","@id":"https:\/\/chavon.edu.do\/se-impone-la-presencia-de-disenadores-chavoneros-en-acto-inaugural\/#article","isPartOf":{"@id":"https:\/\/chavon.edu.do\/se-impone-la-presencia-de-disenadores-chavoneros-en-acto-inaugural\/"},"author":{"name":"Codika Webmin","@id":"https:\/\/chavon.edu.do\/#\/schema\/person\/a287fdedeb1a9366d540c716b07583ba"},"headline":"Se impone la presencia de dise\u00f1adores chavoneros en acto inaugural","datePublished":"2020-08-17T18:47:32+00:00","dateModified":"2020-08-17T18:47:34+00:00","mainEntityOfPage":{"@id":"https:\/\/chavon.edu.do\/se-impone-la-presencia-de-disenadores-chavoneros-en-acto-inaugural\/"},"wordCount":493,"commentCount":0,"publisher":{"@id":"https:\/\/chavon.edu.do\/#organization"},"image":{"@id":"https:\/\/chavon.edu.do\/se-impone-la-presencia-de-disenadores-chavoneros-en-acto-inaugural\/#primaryimage"},"thumbnailUrl":"https:\/\/chavon.edu.do\/wp-content\/uploads\/2020\/08\/Raquel-Pe\u00f1a.jpg","keywords":["Carolina Socias","Jenny Polanco","Jos\u00e9 Jhan Rodr\u00edguez","Luis Dominguez","Mayle Vasquez","Milagros Germ\u00e1n","Raquel Pe\u00f1a","Toma de posesi\u00f3n 2020"],"inLanguage":"en-US"},{"@type":"WebPage","@id":"https:\/\/chavon.edu.do\/se-impone-la-presencia-de-disenadores-chavoneros-en-acto-inaugural\/","url":"https:\/\/chavon.edu.do\/se-impone-la-presencia-de-disenadores-chavoneros-en-acto-inaugural\/","name":"Se impone la presencia de dise\u00f1adores chavoneros en acto inaugural | CHAV\u00d3N School of Design","isPartOf":{"@id":"https:\/\/chavon.edu.do\/#website"},"primaryImageOfPage":{"@id":"https:\/\/chavon.edu.do\/se-impone-la-presencia-de-disenadores-chavoneros-en-acto-inaugural\/#primaryimage"},"image":{"@id":"https:\/\/chavon.edu.do\/se-impone-la-presencia-de-disenadores-chavoneros-en-acto-inaugural\/#primaryimage"},"thumbnailUrl":"https:\/\/chavon.edu.do\/wp-content\/uploads\/2020\/08\/Raquel-Pe\u00f1a.jpg","datePublished":"2020-08-17T18:47:32+00:00","dateModified":"2020-08-17T18:47:34+00:00","description":"CHAV\u00d3N - La Escuela de Dise\u00f1o - Se impone la presencia de dise\u00f1adores chavoneros en acto inaugural","breadcrumb":{"@id":"https:\/\/chavon.edu.do\/se-impone-la-presencia-de-disenadores-chavoneros-en-acto-inaugural\/#breadcrumb"},"inLanguage":"en-US","potentialAction":[{"@type":"ReadAction","target":["https:\/\/chavon.edu.do\/se-impone-la-presencia-de-disenadores-chavoneros-en-acto-inaugural\/"]}]},{"@type":"ImageObject","inLanguage":"en-US","@id":"https:\/\/chavon.edu.do\/se-impone-la-presencia-de-disenadores-chavoneros-en-acto-inaugural\/#primaryimage","url":"https:\/\/chavon.edu.do\/wp-content\/uploads\/2020\/08\/Raquel-Pe\u00f1a.jpg","contentUrl":"https:\/\/chavon.edu.do\/wp-content\/uploads\/2020\/08\/Raquel-Pe\u00f1a.jpg","width":750,"height":750},{"@type":"BreadcrumbList","@id":"https:\/\/chavon.edu.do\/se-impone-la-presencia-de-disenadores-chavoneros-en-acto-inaugural\/#breadcrumb","itemListElement":[{"@type":"ListItem","position":1,"name":"Home","item":"https:\/\/chavon.edu.do\/"},{"@type":"ListItem","position":2,"name":"Se impone la presencia de dise\u00f1adores chavoneros en acto inaugural"}]},{"@type":"WebSite","@id":"https:\/\/chavon.edu.do\/#website","url":"https:\/\/chavon.edu.do\/","name":"CHAV\u00d3N School of Design","description":"","publisher":{"@id":"https:\/\/chavon.edu.do\/#organization"},"potentialAction":[{"@type":"SearchAction","target":{"@type":"EntryPoint","urlTemplate":"https:\/\/chavon.edu.do\/?s={search_term_string}"},"query-input":{"@type":"PropertyValueSpecification","valueRequired":true,"valueName":"search_term_string"}}],"inLanguage":"en-US"},{"@type":"Organization","@id":"https:\/\/chavon.edu.do\/#organization","name":"Chav\u00f3n - La Escuela de Dise\u00f1o","url":"https:\/\/chavon.edu.do\/","logo":{"@type":"ImageObject","inLanguage":"en-US","@id":"https:\/\/chavon.edu.do\/#\/schema\/logo\/image\/","url":"https:\/\/chavon.edu.do\/wp-content\/uploads\/2019\/12\/chavon.png","contentUrl":"https:\/\/chavon.edu.do\/wp-content\/uploads\/2019\/12\/chavon.png","width":225,"height":225,"caption":"Chav\u00f3n - La Escuela de Dise\u00f1o"},"image":{"@id":"https:\/\/chavon.edu.do\/#\/schema\/logo\/image\/"}},{"@type":"Person","@id":"https:\/\/chavon.edu.do\/#\/schema\/person\/a287fdedeb1a9366d540c716b07583ba","name":"Codika Webmin"}]}},"_links":{"self":[{"href":"https:\/\/chavon.edu.do\/en\/wp-json\/wp\/v2\/posts\/4157","targetHints":{"allow":["GET"]}}],"collection":[{"href":"https:\/\/chavon.edu.do\/en\/wp-json\/wp\/v2\/posts"}],"about":[{"href":"https:\/\/chavon.edu.do\/en\/wp-json\/wp\/v2\/types\/post"}],"author":[{"embeddable":true,"href":"https:\/\/chavon.edu.do\/en\/wp-json\/wp\/v2\/users\/21"}],"replies":[{"embeddable":true,"href":"https:\/\/chavon.edu.do\/en\/wp-json\/wp\/v2\/comments?post=4157"}],"version-history":[{"count":0,"href":"https:\/\/chavon.edu.do\/en\/wp-json\/wp\/v2\/posts\/4157\/revisions"}],"wp:featuredmedia":[{"embeddable":true,"href":"https:\/\/chavon.edu.do\/en\/wp-json\/wp\/v2\/media\/4158"}],"wp:attachment":[{"href":"https:\/\/chavon.edu.do\/en\/wp-json\/wp\/v2\/media?parent=4157"}],"wp:term":[{"taxonomy":"category","embeddable":true,"href":"https:\/\/chavon.edu.do\/en\/wp-json\/wp\/v2\/categories?post=4157"},{"taxonomy":"post_tag","embeddable":true,"href":"https:\/\/chavon.edu.do\/en\/wp-json\/wp\/v2\/tags?post=4157"}],"curies":[{"name":"wp","href":"https:\/\/api.w.org\/{rel}","templated":true}]}}