{"id":2741,"date":"2019-06-19T01:36:45","date_gmt":"2019-06-19T01:36:45","guid":{"rendered":"http:\/\/chavondev.wpengine.com\/?p=2741"},"modified":"2019-08-08T17:43:40","modified_gmt":"2019-08-08T17:43:40","slug":"interior-design-starts-september-2019","status":"publish","type":"post","link":"https:\/\/chavon.edu.do\/en\/interior-design-starts-september-2019\/","title":{"rendered":"New Interior Design major starts in 2019 on Santo Domingo campus"},"content":{"rendered":"\n<p>Beginning with the September 2019 semester, CHAV\u00d3N\u2019s Santo Domingo campus will offer a Two-Year major in <strong>Interior Design<\/strong>. Graduates of this program are prepared to work in residential and \/ or commercial design where they may crate everything from elegant homes to the insides of stores, factories, offices and even airplanes. <a href=\"https:\/\/chavondev.wpengine.com\/eng\/program\/interior-design\/\">Click here for a full description.<\/a> <\/p>\n","protected":false},"excerpt":{"rendered":"<p><a class=\"read-more\" href=\"https:\/\/chavon.edu.do\/en\/interior-design-starts-september-2019\/\">+ Read more<\/a><\/p>\n","protected":false},"author":21,"featured_media":3087,"comment_status":"open","ping_status":"open","sticky":false,"template":"","format":"standard","meta":{"_acf_changed":false,"footnotes":""},"categories":[1],"tags":[],"class_list":["post-2741","post","type-post","status-publish","format-standard","has-post-thumbnail","hentry","category-uncategorized"],"acf":[],"yoast_head":"<!-- This site is optimized with the Yoast SEO plugin v26.6 - https:\/\/yoast.com\/wordpress\/plugins\/seo\/ -->\n<title>New Interior Design major starts in 2019 on Santo Domingo campus | CHAV\u00d3N School of Design<\/title>\n<meta name=\"description\" content=\"CHAV\u00d3N - La Escuela de Dise\u00f1o - New Interior Design major starts in 2019 on Santo Domingo campus\" \/>\n<meta name=\"robots\" content=\"index, follow, max-snippet:-1, max-image-preview:large, max-video-preview:-1\" \/>\n<link rel=\"canonical\" href=\"https:\/\/chavon.edu.do\/en\/interior-design-starts-september-2019\/\" \/>\n<meta property=\"og:locale\" content=\"en_US\" \/>\n<meta property=\"og:type\" content=\"article\" \/>\n<meta property=\"og:title\" content=\"New Interior Design major starts in 2019 on Santo Domingo campus | CHAV\u00d3N School of Design\" \/>\n<meta property=\"og:description\" content=\"CHAV\u00d3N - La Escuela de Dise\u00f1o - New Interior Design major starts in 2019 on Santo Domingo campus\" \/>\n<meta property=\"og:url\" content=\"https:\/\/chavon.edu.do\/en\/interior-design-starts-september-2019\/\" \/>\n<meta property=\"og:site_name\" content=\"CHAV\u00d3N School of Design\" \/>\n<meta property=\"article:published_time\" content=\"2019-06-19T01:36:45+00:00\" \/>\n<meta property=\"article:modified_time\" content=\"2019-08-08T17:43:40+00:00\" \/>\n<meta property=\"og:image\" content=\"https:\/\/chavon.edu.do\/wp-content\/uploads\/2019\/06\/PAROLIO-CLUB-MUSEE-VIP-GENERAL-VIEW-960.jpg\" \/>\n\t<meta property=\"og:image:width\" content=\"960\" \/>\n\t<meta property=\"og:image:height\" content=\"612\" \/>\n\t<meta property=\"og:image:type\" content=\"image\/jpeg\" \/>\n<meta name=\"author\" content=\"Codika Webmin\" \/>\n<meta name=\"twitter:card\" content=\"summary_large_image\" \/>\n<meta name=\"twitter:label1\" content=\"Written by\" \/>\n\t<meta name=\"twitter:data1\" content=\"Codika Webmin\" \/>\n<script type=\"application\/ld+json\" class=\"yoast-schema-graph\">{\"@context\":\"https:\/\/schema.org\",\"@graph\":[{\"@type\":\"Article\",\"@id\":\"https:\/\/chavon.edu.do\/interior-design-starts-september-2019\/#article\",\"isPartOf\":{\"@id\":\"https:\/\/chavon.edu.do\/interior-design-starts-september-2019\/\"},\"author\":{\"name\":\"Codika Webmin\",\"@id\":\"https:\/\/chavon.edu.do\/#\/schema\/person\/a287fdedeb1a9366d540c716b07583ba\"},\"headline\":\"New Interior Design major starts in 2019 on Santo Domingo campus\",\"datePublished\":\"2019-06-19T01:36:45+00:00\",\"dateModified\":\"2019-08-08T17:43:40+00:00\",\"mainEntityOfPage\":{\"@id\":\"https:\/\/chavon.edu.do\/interior-design-starts-september-2019\/\"},\"wordCount\":67,\"commentCount\":0,\"publisher\":{\"@id\":\"https:\/\/chavon.edu.do\/#organization\"},\"image\":{\"@id\":\"https:\/\/chavon.edu.do\/interior-design-starts-september-2019\/#primaryimage\"},\"thumbnailUrl\":\"https:\/\/chavon.edu.do\/wp-content\/uploads\/2019\/06\/PAROLIO-CLUB-MUSEE-VIP-GENERAL-VIEW-960.jpg\",\"inLanguage\":\"en-US\"},{\"@type\":\"WebPage\",\"@id\":\"https:\/\/chavon.edu.do\/interior-design-starts-september-2019\/\",\"url\":\"https:\/\/chavon.edu.do\/interior-design-starts-september-2019\/\",\"name\":\"New Interior Design major starts in 2019 on Santo Domingo campus | CHAV\u00d3N School of Design\",\"isPartOf\":{\"@id\":\"https:\/\/chavon.edu.do\/#website\"},\"primaryImageOfPage\":{\"@id\":\"https:\/\/chavon.edu.do\/interior-design-starts-september-2019\/#primaryimage\"},\"image\":{\"@id\":\"https:\/\/chavon.edu.do\/interior-design-starts-september-2019\/#primaryimage\"},\"thumbnailUrl\":\"https:\/\/chavon.edu.do\/wp-content\/uploads\/2019\/06\/PAROLIO-CLUB-MUSEE-VIP-GENERAL-VIEW-960.jpg\",\"datePublished\":\"2019-06-19T01:36:45+00:00\",\"dateModified\":\"2019-08-08T17:43:40+00:00\",\"description\":\"CHAV\u00d3N - La Escuela de Dise\u00f1o - New Interior Design major starts in 2019 on Santo Domingo campus\",\"breadcrumb\":{\"@id\":\"https:\/\/chavon.edu.do\/interior-design-starts-september-2019\/#breadcrumb\"},\"inLanguage\":\"en-US\",\"potentialAction\":[{\"@type\":\"ReadAction\",\"target\":[\"https:\/\/chavon.edu.do\/interior-design-starts-september-2019\/\"]}]},{\"@type\":\"ImageObject\",\"inLanguage\":\"en-US\",\"@id\":\"https:\/\/chavon.edu.do\/interior-design-starts-september-2019\/#primaryimage\",\"url\":\"https:\/\/chavon.edu.do\/wp-content\/uploads\/2019\/06\/PAROLIO-CLUB-MUSEE-VIP-GENERAL-VIEW-960.jpg\",\"contentUrl\":\"https:\/\/chavon.edu.do\/wp-content\/uploads\/2019\/06\/PAROLIO-CLUB-MUSEE-VIP-GENERAL-VIEW-960.jpg\",\"width\":960,\"height\":612},{\"@type\":\"BreadcrumbList\",\"@id\":\"https:\/\/chavon.edu.do\/interior-design-starts-september-2019\/#breadcrumb\",\"itemListElement\":[{\"@type\":\"ListItem\",\"position\":1,\"name\":\"Home\",\"item\":\"https:\/\/chavon.edu.do\/\"},{\"@type\":\"ListItem\",\"position\":2,\"name\":\"New Interior Design major starts in 2019 on Santo Domingo campus\"}]},{\"@type\":\"WebSite\",\"@id\":\"https:\/\/chavon.edu.do\/#website\",\"url\":\"https:\/\/chavon.edu.do\/\",\"name\":\"CHAV\u00d3N School of Design\",\"description\":\"\",\"publisher\":{\"@id\":\"https:\/\/chavon.edu.do\/#organization\"},\"potentialAction\":[{\"@type\":\"SearchAction\",\"target\":{\"@type\":\"EntryPoint\",\"urlTemplate\":\"https:\/\/chavon.edu.do\/?s={search_term_string}\"},\"query-input\":{\"@type\":\"PropertyValueSpecification\",\"valueRequired\":true,\"valueName\":\"search_term_string\"}}],\"inLanguage\":\"en-US\"},{\"@type\":\"Organization\",\"@id\":\"https:\/\/chavon.edu.do\/#organization\",\"name\":\"Chav\u00f3n - La Escuela de Dise\u00f1o\",\"url\":\"https:\/\/chavon.edu.do\/\",\"logo\":{\"@type\":\"ImageObject\",\"inLanguage\":\"en-US\",\"@id\":\"https:\/\/chavon.edu.do\/#\/schema\/logo\/image\/\",\"url\":\"https:\/\/chavon.edu.do\/wp-content\/uploads\/2019\/12\/chavon.png\",\"contentUrl\":\"https:\/\/chavon.edu.do\/wp-content\/uploads\/2019\/12\/chavon.png\",\"width\":225,\"height\":225,\"caption\":\"Chav\u00f3n - La Escuela de Dise\u00f1o\"},\"image\":{\"@id\":\"https:\/\/chavon.edu.do\/#\/schema\/logo\/image\/\"}},{\"@type\":\"Person\",\"@id\":\"https:\/\/chavon.edu.do\/#\/schema\/person\/a287fdedeb1a9366d540c716b07583ba\",\"name\":\"Codika Webmin\"}]}<\/script>\n<!-- \/ Yoast SEO plugin. -->","yoast_head_json":{"title":"New Interior Design major starts in 2019 on Santo Domingo campus | CHAV\u00d3N School of Design","description":"CHAV\u00d3N - La Escuela de Dise\u00f1o - New Interior Design major starts in 2019 on Santo Domingo campus","robots":{"index":"index","follow":"follow","max-snippet":"max-snippet:-1","max-image-preview":"max-image-preview:large","max-video-preview":"max-video-preview:-1"},"canonical":"https:\/\/chavon.edu.do\/en\/interior-design-starts-september-2019\/","og_locale":"en_US","og_type":"article","og_title":"New Interior Design major starts in 2019 on Santo Domingo campus | CHAV\u00d3N School of Design","og_description":"CHAV\u00d3N - La Escuela de Dise\u00f1o - New Interior Design major starts in 2019 on Santo Domingo campus","og_url":"https:\/\/chavon.edu.do\/en\/interior-design-starts-september-2019\/","og_site_name":"CHAV\u00d3N School of Design","article_published_time":"2019-06-19T01:36:45+00:00","article_modified_time":"2019-08-08T17:43:40+00:00","og_image":[{"width":960,"height":612,"url":"https:\/\/chavon.edu.do\/wp-content\/uploads\/2019\/06\/PAROLIO-CLUB-MUSEE-VIP-GENERAL-VIEW-960.jpg","type":"image\/jpeg"}],"author":"Codika Webmin","twitter_card":"summary_large_image","twitter_misc":{"Written by":"Codika Webmin"},"schema":{"@context":"https:\/\/schema.org","@graph":[{"@type":"Article","@id":"https:\/\/chavon.edu.do\/interior-design-starts-september-2019\/#article","isPartOf":{"@id":"https:\/\/chavon.edu.do\/interior-design-starts-september-2019\/"},"author":{"name":"Codika Webmin","@id":"https:\/\/chavon.edu.do\/#\/schema\/person\/a287fdedeb1a9366d540c716b07583ba"},"headline":"New Interior Design major starts in 2019 on Santo Domingo campus","datePublished":"2019-06-19T01:36:45+00:00","dateModified":"2019-08-08T17:43:40+00:00","mainEntityOfPage":{"@id":"https:\/\/chavon.edu.do\/interior-design-starts-september-2019\/"},"wordCount":67,"commentCount":0,"publisher":{"@id":"https:\/\/chavon.edu.do\/#organization"},"image":{"@id":"https:\/\/chavon.edu.do\/interior-design-starts-september-2019\/#primaryimage"},"thumbnailUrl":"https:\/\/chavon.edu.do\/wp-content\/uploads\/2019\/06\/PAROLIO-CLUB-MUSEE-VIP-GENERAL-VIEW-960.jpg","inLanguage":"en-US"},{"@type":"WebPage","@id":"https:\/\/chavon.edu.do\/interior-design-starts-september-2019\/","url":"https:\/\/chavon.edu.do\/interior-design-starts-september-2019\/","name":"New Interior Design major starts in 2019 on Santo Domingo campus | CHAV\u00d3N School of Design","isPartOf":{"@id":"https:\/\/chavon.edu.do\/#website"},"primaryImageOfPage":{"@id":"https:\/\/chavon.edu.do\/interior-design-starts-september-2019\/#primaryimage"},"image":{"@id":"https:\/\/chavon.edu.do\/interior-design-starts-september-2019\/#primaryimage"},"thumbnailUrl":"https:\/\/chavon.edu.do\/wp-content\/uploads\/2019\/06\/PAROLIO-CLUB-MUSEE-VIP-GENERAL-VIEW-960.jpg","datePublished":"2019-06-19T01:36:45+00:00","dateModified":"2019-08-08T17:43:40+00:00","description":"CHAV\u00d3N - La Escuela de Dise\u00f1o - New Interior Design major starts in 2019 on Santo Domingo campus","breadcrumb":{"@id":"https:\/\/chavon.edu.do\/interior-design-starts-september-2019\/#breadcrumb"},"inLanguage":"en-US","potentialAction":[{"@type":"ReadAction","target":["https:\/\/chavon.edu.do\/interior-design-starts-september-2019\/"]}]},{"@type":"ImageObject","inLanguage":"en-US","@id":"https:\/\/chavon.edu.do\/interior-design-starts-september-2019\/#primaryimage","url":"https:\/\/chavon.edu.do\/wp-content\/uploads\/2019\/06\/PAROLIO-CLUB-MUSEE-VIP-GENERAL-VIEW-960.jpg","contentUrl":"https:\/\/chavon.edu.do\/wp-content\/uploads\/2019\/06\/PAROLIO-CLUB-MUSEE-VIP-GENERAL-VIEW-960.jpg","width":960,"height":612},{"@type":"BreadcrumbList","@id":"https:\/\/chavon.edu.do\/interior-design-starts-september-2019\/#breadcrumb","itemListElement":[{"@type":"ListItem","position":1,"name":"Home","item":"https:\/\/chavon.edu.do\/"},{"@type":"ListItem","position":2,"name":"New Interior Design major starts in 2019 on Santo Domingo campus"}]},{"@type":"WebSite","@id":"https:\/\/chavon.edu.do\/#website","url":"https:\/\/chavon.edu.do\/","name":"CHAV\u00d3N School of Design","description":"","publisher":{"@id":"https:\/\/chavon.edu.do\/#organization"},"potentialAction":[{"@type":"SearchAction","target":{"@type":"EntryPoint","urlTemplate":"https:\/\/chavon.edu.do\/?s={search_term_string}"},"query-input":{"@type":"PropertyValueSpecification","valueRequired":true,"valueName":"search_term_string"}}],"inLanguage":"en-US"},{"@type":"Organization","@id":"https:\/\/chavon.edu.do\/#organization","name":"Chav\u00f3n - La Escuela de Dise\u00f1o","url":"https:\/\/chavon.edu.do\/","logo":{"@type":"ImageObject","inLanguage":"en-US","@id":"https:\/\/chavon.edu.do\/#\/schema\/logo\/image\/","url":"https:\/\/chavon.edu.do\/wp-content\/uploads\/2019\/12\/chavon.png","contentUrl":"https:\/\/chavon.edu.do\/wp-content\/uploads\/2019\/12\/chavon.png","width":225,"height":225,"caption":"Chav\u00f3n - La Escuela de Dise\u00f1o"},"image":{"@id":"https:\/\/chavon.edu.do\/#\/schema\/logo\/image\/"}},{"@type":"Person","@id":"https:\/\/chavon.edu.do\/#\/schema\/person\/a287fdedeb1a9366d540c716b07583ba","name":"Codika Webmin"}]}},"_links":{"self":[{"href":"https:\/\/chavon.edu.do\/en\/wp-json\/wp\/v2\/posts\/2741","targetHints":{"allow":["GET"]}}],"collection":[{"href":"https:\/\/chavon.edu.do\/en\/wp-json\/wp\/v2\/posts"}],"about":[{"href":"https:\/\/chavon.edu.do\/en\/wp-json\/wp\/v2\/types\/post"}],"author":[{"embeddable":true,"href":"https:\/\/chavon.edu.do\/en\/wp-json\/wp\/v2\/users\/21"}],"replies":[{"embeddable":true,"href":"https:\/\/chavon.edu.do\/en\/wp-json\/wp\/v2\/comments?post=2741"}],"version-history":[{"count":0,"href":"https:\/\/chavon.edu.do\/en\/wp-json\/wp\/v2\/posts\/2741\/revisions"}],"wp:featuredmedia":[{"embeddable":true,"href":"https:\/\/chavon.edu.do\/en\/wp-json\/wp\/v2\/media\/3087"}],"wp:attachment":[{"href":"https:\/\/chavon.edu.do\/en\/wp-json\/wp\/v2\/media?parent=2741"}],"wp:term":[{"taxonomy":"category","embeddable":true,"href":"https:\/\/chavon.edu.do\/en\/wp-json\/wp\/v2\/categories?post=2741"},{"taxonomy":"post_tag","embeddable":true,"href":"https:\/\/chavon.edu.do\/en\/wp-json\/wp\/v2\/tags?post=2741"}],"curies":[{"name":"wp","href":"https:\/\/api.w.org\/{rel}","templated":true}]}}